[{"@context":"https:\/\/schema.org\/","@type":"Article","@id":"https:\/\/www.gpdst.cz\/keramika-a-prace\/#Article","mainEntityOfPage":"https:\/\/www.gpdst.cz\/keramika-a-prace\/","headline":"Keramika a pr\u00e1ce","name":"Keramika a pr\u00e1ce","description":"Zn\u00e1te webov\u00e9 str\u00e1nky imtts.cz? Kde jsou kategorie na v\u00fdrobu keramick\u00fdch d\u00edl\u016f? Pokuty nezn\u00e1te, tak se tam pod\u00edvejte a uvid\u00edte, proto\u017ee&hellip;","datePublished":"2023-01-14","dateModified":"2023-05-07","author":{"@type":"Person","@id":"https:\/\/www.gpdst.cz\/author\/devene\/#Person","name":"devene","url":"https:\/\/www.gpdst.cz\/author\/devene\/","identifier":1,"image":{"@type":"ImageObject","@id":"https:\/\/secure.gravatar.com\/avatar\/13dbcc20b7c05fcb5c4a6b0bee5a7107a0aae9238a83a4088a42d170780b2eca?s=96&d=mm&r=g","url":"https:\/\/secure.gravatar.com\/avatar\/13dbcc20b7c05fcb5c4a6b0bee5a7107a0aae9238a83a4088a42d170780b2eca?s=96&d=mm&r=g","height":96,"width":96}},"publisher":{"@type":"Organization","name":"gpdst.cz","logo":{"@type":"ImageObject","@id":"\/logo.png","url":"\/logo.png","width":600,"height":60}},"image":{"@type":"ImageObject","@id":"https:\/\/www.gpdst.cz\/wp-content\/uploads\/pottery-1283146_960_720_4.jpg","url":"https:\/\/www.gpdst.cz\/wp-content\/uploads\/pottery-1283146_960_720_4.jpg","height":0,"width":0},"url":"https:\/\/www.gpdst.cz\/keramika-a-prace\/","about":["V\u00fdrobky"],"wordCount":435,"articleBody":"      Zn\u00e1te webov\u00e9 str\u00e1nky imtts.cz? Kde jsou kategorie na v\u00fdrobu keramick\u00fdch d\u00edl\u016f? Pokuty nezn\u00e1te, tak se tam pod\u00edvejte a uvid\u00edte, proto\u017ee je to opravdu skv\u011bl\u00e1 firma. To zn\u00e1m jist\u011b, proto\u017ee tam taky pracoval m\u016fj otec, za co\u017e jsem byla moc r\u00e1da. M\u016fj otec m\u00e1 na tuto firmu jenom sam\u00e9 chv\u00e1ly, proto\u017ee se mu l\u00edbila pr\u00e1ce a taky to, co jeho pr\u00e1ce obn\u00e1\u0161ela. Mus\u00edm uznat, \u017ee kdy\u017e mi otec vypr\u00e1v\u011bl, co v t\u00e9to firm\u011b d\u011bl\u00e1, tak m\u011b to docela hodn\u011b p\u0159ekvapilo, proto\u017ee jsem v\u017edycky m\u011bla otce za toho, kter\u00e9ho nebav\u00ed pracovat, proto\u017ee otec je opravdu hodn\u011b v\u016fd\u010d\u00ed typ.A m\u016fj otec byl takov\u00fd hodn\u011b siln\u00fd a takov\u00fd hodn\u011b egoistick\u00fd, \u017ee jsem si s m\u00e1mou v\u017edycky \u0159\u00edkala, \u017ee asi v \u017e\u00e1dn\u00e9 pr\u00e1ci nevydr\u017e\u00ed, a to pro svou prudkou a cholerickou povahu. Jenom\u017ee kdy\u017e n\u00e1m potom otec \u0159ekl, kde v\u016fbec pracuje, tak jsme s maminkou jenom pozvedly obo\u010d\u00ed a \u0159\u00edkaly jsme si, \u017ee tam vydr\u017e\u00ed maxim\u00e1ln\u011b m\u011bs\u00edc anebo dva m\u011bs\u00edce. Jenom\u017ee otec tam byl taky jako v\u00fdrobce keramick\u00fdch d\u00edly. A v\u00fdroba keramick\u00fdch d\u00edl\u016f je opravdu hodn\u011b slo\u017eit\u00e1. Tak\u017ee jsme si s maminkou \u0159ekly, \u017ee otci mo\u017en\u00e1 tohle hodn\u011b imponuje, \u017ee je velice d\u016fle\u017eit\u00e9 pracovat v t\u00e9to firm\u011b. A nev\u00edm jak vy, ale j\u00e1 jsem si myslela, \u017ee kdy\u017e bude otec m\u00edt tak d\u016fle\u017eitou pr\u00e1ci, tak se mu to bude l\u00edbit a taky v t\u00e9 pr\u00e1ci vydr\u017e\u00ed dlouho. A jak jsem si myslela, tak se taky stalo. A otec opravdu vzal svou pr\u00e1ci v\u00e1\u017en\u011b, proto\u017ee si myslel, \u017ee je nenahraditeln\u00fd, i kdy\u017e samoz\u0159ejm\u011b tohle nebyla pravda. Jenom\u017ee jsme to otci ne\u0159ekly, aby si otec st\u00e1le myslel, \u017ee je opravdu nepostradateln\u00fd a \u017ee ta firma se bez otce neodejdete. Mo\u017en\u00e1 to tak taky dokonce bylo, ale v\u011b\u0159te mi, \u017ee od t\u00e9 doby, co m\u00e1 otec tuto skv\u011blou pr\u00e1ci, tak je doma v\u00edce klidu a nen\u00ed tam takov\u00e9 dusno, jako bylo p\u0159edt\u00edm. Tak \u017ee by t\u0159eba tato pr\u00e1ce s &#8212; otce tak moc zm\u011bnila k dobr\u00e9mu? Pokud ano, tak jsem jenom r\u00e1da, proto\u017ee otec byl u\u017e doma opravdu nesnesiteln\u00fd. Sta\u010d\u00ed d\u00e1m mu\u017ei t\u011b\u017ekou mu\u017enou pr\u00e1ci a uvid\u00edte zm\u011bnu.                                                                                                                                                                                                                                                                                                                                                                                           4.1\/5 - (10 votes)        "},{"@context":"https:\/\/schema.org\/","@type":"BreadcrumbList","itemListElement":[{"@type":"ListItem","position":1,"name":"Keramika a pr\u00e1ce","item":"https:\/\/www.gpdst.cz\/keramika-a-prace\/#breadcrumbitem"}]}]