[{"@context":"https:\/\/schema.org\/","@type":"Article","@id":"https:\/\/www.gpdst.cz\/nejkrasnejsi-okamziky\/#Article","mainEntityOfPage":"https:\/\/www.gpdst.cz\/nejkrasnejsi-okamziky\/","headline":"Nejkr\u00e1sn\u011bj\u0161\u00ed okam\u017eiky","name":"Nejkr\u00e1sn\u011bj\u0161\u00ed okam\u017eiky","description":"Co je nejkr\u00e1sn\u011bj\u0161\u00edm okam\u017eikem v\u00a0na\u0161ich \u017eivotech, na kter\u00fd ka\u017ed\u00fd r\u00e1d s\u00a0l\u00e1skou a n\u011bhou vzpom\u00edn\u00e1? Nejkr\u00e1sn\u011bj\u0161\u00ed okam\u017eiky jsou spojeny v\u011bt\u0161inou s\u00a0na\u0161\u00ed&hellip;","datePublished":"2018-06-24","dateModified":"2023-05-07","author":{"@type":"Person","@id":"https:\/\/www.gpdst.cz\/author\/devene\/#Person","name":"devene","url":"https:\/\/www.gpdst.cz\/author\/devene\/","identifier":1,"image":{"@type":"ImageObject","@id":"https:\/\/secure.gravatar.com\/avatar\/13dbcc20b7c05fcb5c4a6b0bee5a7107a0aae9238a83a4088a42d170780b2eca?s=96&d=mm&r=g","url":"https:\/\/secure.gravatar.com\/avatar\/13dbcc20b7c05fcb5c4a6b0bee5a7107a0aae9238a83a4088a42d170780b2eca?s=96&d=mm&r=g","height":96,"width":96}},"publisher":{"@type":"Organization","name":"gpdst.cz","logo":{"@type":"ImageObject","@id":"\/logo.png","url":"\/logo.png","width":600,"height":60}},"image":{"@type":"ImageObject","@id":"https:\/\/www.gpdst.cz\/wp-content\/uploads\/img_a321177_w2554_t1532422709.jpg","url":"https:\/\/www.gpdst.cz\/wp-content\/uploads\/img_a321177_w2554_t1532422709.jpg","height":0,"width":0},"url":"https:\/\/www.gpdst.cz\/nejkrasnejsi-okamziky\/","wordCount":441,"articleBody":"Co je nejkr\u00e1sn\u011bj\u0161\u00edm okam\u017eikem v\u00a0na\u0161ich \u017eivotech, na kter\u00fd ka\u017ed\u00fd r\u00e1d s\u00a0l\u00e1skou a n\u011bhou vzpom\u00edn\u00e1?Nejkr\u00e1sn\u011bj\u0161\u00ed okam\u017eiky jsou spojeny v\u011bt\u0161inou s\u00a0na\u0161\u00ed rodinou \u010di nejbli\u017e\u0161\u00edmi. Pro n\u011bkoho je nejkr\u00e1sn\u011bj\u0161\u00ed okam\u017eik narozen\u00ed jeho d\u00edt\u011bte, pro jin\u00e9ho tajn\u00e1 oslava narozenin, kter\u00e1 mu byla p\u0159ichyst\u00e1na v\u00a0jeho \u00fatl\u00e9m v\u011bku rodinou a nejbli\u017e\u0161\u00edmi a pro mnoho z\u00a0n\u00e1s je to svatba. Je to velice individu\u00e1ln\u00ed.Co jsou pro n\u00e1s \u0161\u0165astn\u00e9 chvilky? V\u011bt\u0161inou to jsou vzpom\u00ednky, kter\u00e9 n\u00e1m dok\u00e1\u017e\u00ed v\u017edycky zaru\u010den\u011b vykouzlit \u00fasm\u011bv na tv\u00e1\u0159i i v\u00a0t\u011bch nejt\u011b\u017e\u0161\u00edch chv\u00edl\u00edch.\u0160\u0165astn\u00e9 vzpom\u00ednky jsou d\u016fle\u017eit\u00e9, proto\u017ee n\u00e1m p\u0159ipom\u00ednaj\u00ed v\u00a0t\u011b\u017ek\u00fdch chvilk\u00e1ch, \u017ee m\u00e1 n\u00e1\u0161 \u017eivot cenu. P\u0159ipom\u00ednaj\u00ed n\u00e1m na\u0161e p\u0159\u00e1tel\u00e9 a rodinu- nap\u0159\u00edklad i na\u0161e milovan\u00e9 babi\u010dky a milovan\u00e9 d\u011bde\u010dky, kte\u0159\u00ed u\u017e nejsou mezi n\u00e1mi- vzpom\u00ednky je udr\u017euj\u00ed na \u017eivu. To je na vzpom\u00ednk\u00e1ch to nejkr\u00e1sn\u011bj\u0161\u00ed.Nap\u0159\u00edklad na drahou dovolenou, kterou jsme si v\u017edycky p\u0159\u00e1li, budeme tak\u00e9 do konce \u017eivota vzpom\u00ednat, ale na svatbu s\u00a0va\u0161\u00edm milovan\u00fdm partnerem budete vzpom\u00ednat rad\u0161i.Svatba je jeden z\u00a0nejkr\u00e1sn\u011bj\u0161\u00edch z\u00e1\u017eitk\u016f v\u00a0\u017eivot\u011b ka\u017ed\u00e9ho zamilovan\u00e9ho. Svatba je pojem, pro kter\u00fd \u017eije mnoho \u017een a je to jejich snem. Je to tak\u00e9 \u010dasto prob\u00edran\u00e9 t\u00e9ma v\u00a0\u017eensk\u00fdch kolektivech.N\u011bkter\u00e9 p\u00e1ry se rozch\u00e1zej\u00ed, proto\u017ee m\u00e1 \u017eena pocit, \u017ee je nejvhodn\u011bj\u0161\u00ed \u010das na svatbu, ale mu\u017e se k\u00a0\u017e\u00e1dosti nem\u00e1. V\u00a0takovou chv\u00edli je vhodn\u00e9, aby \u017eena sebrala v\u0161echnu svoji odvahu a po\u017e\u00e1dala mu\u017ee o ruku. Kdysi to bylo nep\u0159\u00edpustn\u00e9, ale v\u00a0t\u00e9to dob\u011b je to ji\u017e b\u011b\u017enou z\u00e1le\u017eitost\u00ed.Prsten je jeden z\u00a0nejd\u016fle\u017eit\u011bj\u0161\u00edch faktor\u016f. M\u011bl by b\u00fdt kr\u00e1sn\u00fd a honosn\u00fd, ale na druhou stranu by se m\u011bl hodit i na ka\u017edodenn\u00ed no\u0161en\u00ed.Po \u017e\u00e1dosti o ruku nast\u00e1v\u00e1 zmatek spojen\u00fd s\u00a0v\u00fdb\u011brem vhodn\u00e9ho m\u00edsta, \u0161at\u016f a tak d\u00e1le. Je na v\u00e1s, zda se rozhodnete pro men\u0161\u00ed svatbu v\u00a0rodinn\u00e9m okruhu s\u00a0nejbli\u017e\u0161\u00edmi zn\u00e1m\u00fdmi, nebo pro honosnou svatbu, na kter\u00e9 bude mnoho lid\u00ed- tato mo\u017enost bude slo\u017eit\u011bj\u0161\u00ed jak finan\u010dn\u011b, tak z\u00a0\u010dasov\u00e9ho hlediska.                                                                                                                                                                                                                                                                                                                                                                                        4\/5 - (8 votes)        "},{"@context":"https:\/\/schema.org\/","@type":"BreadcrumbList","itemListElement":[{"@type":"ListItem","position":1,"name":"Nejkr\u00e1sn\u011bj\u0161\u00ed okam\u017eiky","item":"https:\/\/www.gpdst.cz\/nejkrasnejsi-okamziky\/#breadcrumbitem"}]}]