[{"@context":"https:\/\/schema.org\/","@type":"Article","@id":"https:\/\/www.gpdst.cz\/pravy-smysl-vanoc\/#Article","mainEntityOfPage":"https:\/\/www.gpdst.cz\/pravy-smysl-vanoc\/","headline":"Prav\u00fd smysl V\u00e1noc","name":"Prav\u00fd smysl V\u00e1noc","description":"Za dve\u0159mi jsou nyn\u00ed V\u00e1noce a je hezk\u00e9 a n\u011bkdy a\u017e \u00fasm\u011bvn\u00e9 uv\u011bdomit si, jak\u00fdm zp\u016fsobem byly V\u00e1noce slaveny p\u0159ed&hellip;","datePublished":"2023-11-13","dateModified":"2023-12-20","author":{"@type":"Person","@id":"https:\/\/www.gpdst.cz\/author\/devene\/#Person","name":"devene","url":"https:\/\/www.gpdst.cz\/author\/devene\/","identifier":1,"image":{"@type":"ImageObject","@id":"https:\/\/secure.gravatar.com\/avatar\/13dbcc20b7c05fcb5c4a6b0bee5a7107a0aae9238a83a4088a42d170780b2eca?s=96&d=mm&r=g","url":"https:\/\/secure.gravatar.com\/avatar\/13dbcc20b7c05fcb5c4a6b0bee5a7107a0aae9238a83a4088a42d170780b2eca?s=96&d=mm&r=g","height":96,"width":96}},"publisher":{"@type":"Organization","name":"gpdst.cz","logo":{"@type":"ImageObject","@id":"\/logo.png","url":"\/logo.png","width":600,"height":60}},"image":{"@type":"ImageObject","@id":"https:\/\/www.gpdst.cz\/wp-content\/uploads\/dried-apricots-357879_640.jpg","url":"https:\/\/www.gpdst.cz\/wp-content\/uploads\/dried-apricots-357879_640.jpg","height":0,"width":0},"url":"https:\/\/www.gpdst.cz\/pravy-smysl-vanoc\/","about":["V\u00fdrobky"],"wordCount":446,"articleBody":"   Za dve\u0159mi jsou nyn\u00ed V\u00e1noce a je hezk\u00e9 a n\u011bkdy a\u017e \u00fasm\u011bvn\u00e9 uv\u011bdomit si, jak\u00fdm zp\u016fsobem byly V\u00e1noce slaveny p\u0159ed mnoha a mnoha roky. D\u0159\u00edve byli lid\u00e9 mnohem v\u00fdrazn\u011bji fixov\u00e1ni na ritu\u00e1ly a r\u016fzn\u00e9 ob\u0159ady, co\u017e pr\u00e1v\u011b b\u011bhem sv\u00e1tk\u016f, jako jsou V\u00e1noce, bylo v\u00fdrazn\u011bj\u0161\u00ed. Dokonce natolik, \u017ee se n\u00e1m mnoh\u00e9 zvyky dochovaly a\u017e do dne\u0161n\u00edch \u010das\u016f. Velk\u00fd po\u010det z dne\u0161n\u00edch lid\u00ed se ov\u0161em ji\u017e t\u011bchto tradic a zvyk\u016f nedr\u017e\u00ed, a pokud, pak je to pro n\u011b jen a pouze zpest\u0159en\u00ed v\u00e1no\u010dn\u00edho leno\u0161en\u00ed. Pro na\u0161e p\u0159edky to ale znamenalo mnohem v\u00edce a bez t\u011bchto oby\u010dej\u016f by pro n\u011b nebyly V\u00e1noce dob\u0159e pro\u017eit\u00e9. Jedn\u00edm z nespo\u010detn\u00e9ho mno\u017estv\u00ed tradic m\u016f\u017ee b\u00fdt nap\u0159\u00edklad celodenn\u00ed p\u016fst na \u0160t\u011bdr\u00fd den.Tento p\u016fst m\u011bl sv\u00e9 opodstatn\u011bn\u00ed. Jednak vych\u00e1zel z k\u0159es\u0165ansk\u00fdch tradic, kter\u00e9 braly p\u016fst jako formu pokorn\u00e9ho slaven\u00ed duchovn\u00edch sv\u00e1tk\u016f, ale tak\u00e9 m\u011bl smysl i v\u00edce praktick\u00fd. Kolik z n\u00e1s si toti\u017e po \u0160t\u011bdr\u00e9m dni st\u011b\u017euje, jak jsou op\u011bt p\u0159ejezeni a nen\u00ed jim z takov\u00e9ho mno\u017estv\u00ed j\u00eddla v\u016fbec dob\u0159e? Ano, opravdu hodn\u011b. Pr\u00e1v\u011b tomuto m\u011bl p\u016fst p\u0159edch\u00e1zet. Pod strome\u010dek tak\u00e9 tehdej\u0161\u00ed d\u011bti nenach\u00e1zely takov\u00e9 dary jako dnes. D\u00e1re\u010dky samoz\u0159ejm\u011b dost\u00e1valy, ale pouze takov\u00e9, kter\u00e9 nutn\u011b pot\u0159ebovaly, ale p\u0159es rok si je dovolit nemohly, nebo to, co bylo doma vyrobeno.Jako velmi v\u00edtan\u00e1 pochoutka, po kter\u00e9 se mohly tehdej\u0161\u00ed d\u011bti utlouct, bylo su\u0161en\u00e9 ovoce a o\u0159echy https:\/\/darka-shop.cz\/katalog\/cerstve-a-kvalitni-susene-ovoce. I t\u011bmito mali\u010dkostmi se dalo velmi dob\u0159e d\u011btem zavd\u011b\u010dit, jeliko\u017e i toto pro n\u011b p\u0159edstavovalo n\u011bco, co b\u011b\u017en\u011b k dost\u00e1n\u00ed nebylo. A i p\u0159esto, \u017ee se V\u00e1noce od t\u00e9 doby velmi zm\u011bnily, st\u00e1le je m\u00e1me spojeny s kr\u00e1snou atmosf\u00e9rou, na kterou se ka\u017ed\u00fd z n\u00e1s p\u0159es cel\u00fd rok t\u011b\u0161\u00ed. V\u00e1noce v\u016fbec nemaj\u00ed b\u00fdt o d\u00e1rc\u00edch, ale o tom, \u017ee t\u00edmto zp\u016fsobem chceme \u0159\u00edci sv\u00fdm nejbli\u017e\u0161\u00edm, \u017ee n\u00e1m na nich z\u00e1le\u017e\u00ed. Tak\u017ee i v tomto p\u0159edv\u00e1no\u010dn\u00edm shonu je dobr\u00e9 se nad t\u00edmto p\u0159ekryt\u00fdm smyslem V\u00e1noc pozastavit a zamyslet se.                                                                                                                                                                                                                                                                                                                                                                                          4\/5 - (11 votes)        "},{"@context":"https:\/\/schema.org\/","@type":"BreadcrumbList","itemListElement":[{"@type":"ListItem","position":1,"name":"Prav\u00fd smysl V\u00e1noc","item":"https:\/\/www.gpdst.cz\/pravy-smysl-vanoc\/#breadcrumbitem"}]}]